{"id":1390,"date":"2026-04-26T17:24:53","date_gmt":"2026-04-26T15:24:53","guid":{"rendered":"https:\/\/laflechesannoisienne.fr\/?p=1390"},"modified":"2026-04-27T17:41:26","modified_gmt":"2026-04-27T15:41:26","slug":"un-debut-prometteur-pour-lequipe-feminine-en-division-regionale-2026","status":"publish","type":"post","link":"https:\/\/laflechesannoisienne.fr\/index.php\/2026\/04\/26\/un-debut-prometteur-pour-lequipe-feminine-en-division-regionale-2026\/","title":{"rendered":"Un d\u00e9but prometteur pour l\u2019\u00e9quipe f\u00e9minine en Division R\u00e9gionale 2026 !"},"content":{"rendered":"\n<p>Le 26 avril avait lieu la premi\u00e8re manche de Division R\u00e9gionale (DR) \u00e0 Chennevi\u00e8res, marquant une grande premi\u00e8re pour notre \u00e9quipe f\u00e9minine de la Fl\u00e8che Sannoisienne. Une \u00e9tape importante que C\u00e9line M, C\u00e9line L, Virginie et C\u00e9venne ont abord\u00e9e avec motivation et d\u00e9termination !<\/p>\n\n\n\n<p>La journ\u00e9e a d\u00e9but\u00e9 par un tir qualificatif en demi-teinte. Si Virginie et C\u00e9venne ont su rapidement trouver leur rythme et livrer de belles performances par rapport \u00e0 leur niveau, les deux C\u00e9line ont rencontr\u00e9 davantage de difficult\u00e9s pour se mettre en place. Malgr\u00e9 cela, l\u2019\u00e9quipe reste solide et d\u00e9croche une honorable <strong>5\u1d49 place sur 15 \u00e9quipes<\/strong> \u00e0 l\u2019issue de ce tir.<\/p>\n\n\n\n<p>Mais la v\u00e9ritable force de notre \u00e9quipe s\u2019est r\u00e9v\u00e9l\u00e9e l&#8217;apr\u00e8s-midi, lors des duels ! \ud83d\udcaa<br>Plus soud\u00e9es et combatives que jamais, nos quatre arch\u00e8res ont affront\u00e9 des \u00e9quipes avec d\u00e9termination\u2026 et ont tout simplement <strong>remport\u00e9 leurs 5 matchs<\/strong> ! Une performance remarquable qui vient r\u00e9compenser leur esprit d\u2019\u00e9quipe et leur engagement.<\/p>\n\n\n\n<p>Apr\u00e8s cette premi\u00e8re \u00e9tape de Division R\u00e9gionale, le message est clair : <strong>il faudra compter sur la Fl\u00e8che Sannoisienne !<\/strong><\/p>\n\n\n\n<p>La saison est loin d\u2019\u00eatre termin\u00e9e : <strong>il reste deux manches \u00e0 disputer, avec en ligne de mire une qualification pour la finale<\/strong>. De quoi garder toute la motivation et continuer sur cette belle dynamique !<\/p>\n\n\n\n<p>Un immense merci \u00e0 Franck et Ava, pr\u00e9sents tout au long de cette journ\u00e9e chaude et ensoleill\u00e9e, pour leur soutien sans faille. Leur \u00e9nergie et leurs encouragements ont port\u00e9 l\u2019\u00e9quipe dans les moments cl\u00e9s \ud83d\ude4c<\/p>\n\n\n\n<p><strong>Bravo \u00e0 nos arch\u00e8res pour ce tr\u00e8s beau d\u00e9but de saison, la suite s\u2019annonce passionnante ! \ud83c\udfaf<\/strong><\/p>\n\n\n\n<figure class=\"wp-block-gallery has-nested-images columns-default is-cropped wp-block-gallery-1 is-layout-flex wp-block-gallery-is-layout-flex\">\n<figure class=\"wp-block-image size-large\"><img fetchpriority=\"high\" decoding=\"async\" width=\"768\" height=\"1024\" data-id=\"1392\" src=\"https:\/\/laflechesannoisienne.fr\/wp-content\/uploads\/2026\/04\/75b1b939-0ca6-452a-a2ef-7f423d476584-768x1024.jpg\" alt=\"\" class=\"wp-image-1392\" srcset=\"https:\/\/laflechesannoisienne.fr\/wp-content\/uploads\/2026\/04\/75b1b939-0ca6-452a-a2ef-7f423d476584-768x1024.jpg 768w, https:\/\/laflechesannoisienne.fr\/wp-content\/uploads\/2026\/04\/75b1b939-0ca6-452a-a2ef-7f423d476584-225x300.jpg 225w, https:\/\/laflechesannoisienne.fr\/wp-content\/uploads\/2026\/04\/75b1b939-0ca6-452a-a2ef-7f423d476584-1152x1536.jpg 1152w, https:\/\/laflechesannoisienne.fr\/wp-content\/uploads\/2026\/04\/75b1b939-0ca6-452a-a2ef-7f423d476584.jpg 1200w\" sizes=\"(max-width: 768px) 100vw, 768px\" \/><\/figure>\n\n\n\n<figure class=\"wp-block-image size-large\"><img decoding=\"async\" width=\"1024\" height=\"768\" data-id=\"1395\" src=\"https:\/\/laflechesannoisienne.fr\/wp-content\/uploads\/2026\/04\/b3a37bc6-42c7-4ded-bde1-f69dc5591fce-1024x768.jpg\" alt=\"\" class=\"wp-image-1395\" srcset=\"https:\/\/laflechesannoisienne.fr\/wp-content\/uploads\/2026\/04\/b3a37bc6-42c7-4ded-bde1-f69dc5591fce-1024x768.jpg 1024w, https:\/\/laflechesannoisienne.fr\/wp-content\/uploads\/2026\/04\/b3a37bc6-42c7-4ded-bde1-f69dc5591fce-300x225.jpg 300w, https:\/\/laflechesannoisienne.fr\/wp-content\/uploads\/2026\/04\/b3a37bc6-42c7-4ded-bde1-f69dc5591fce-768x576.jpg 768w, https:\/\/laflechesannoisienne.fr\/wp-content\/uploads\/2026\/04\/b3a37bc6-42c7-4ded-bde1-f69dc5591fce-1536x1152.jpg 1536w, https:\/\/laflechesannoisienne.fr\/wp-content\/uploads\/2026\/04\/b3a37bc6-42c7-4ded-bde1-f69dc5591fce.jpg 1600w\" sizes=\"(max-width: 1024px) 100vw, 1024px\" \/><\/figure>\n\n\n\n<figure class=\"wp-block-image size-large\"><img decoding=\"async\" width=\"1024\" height=\"768\" data-id=\"1396\" src=\"https:\/\/laflechesannoisienne.fr\/wp-content\/uploads\/2026\/04\/c34c7dd3-5e21-4cf0-80e1-5ba79e13d048-1024x768.jpg\" alt=\"\" class=\"wp-image-1396\" srcset=\"https:\/\/laflechesannoisienne.fr\/wp-content\/uploads\/2026\/04\/c34c7dd3-5e21-4cf0-80e1-5ba79e13d048-1024x768.jpg 1024w, https:\/\/laflechesannoisienne.fr\/wp-content\/uploads\/2026\/04\/c34c7dd3-5e21-4cf0-80e1-5ba79e13d048-300x225.jpg 300w, https:\/\/laflechesannoisienne.fr\/wp-content\/uploads\/2026\/04\/c34c7dd3-5e21-4cf0-80e1-5ba79e13d048-768x576.jpg 768w, https:\/\/laflechesannoisienne.fr\/wp-content\/uploads\/2026\/04\/c34c7dd3-5e21-4cf0-80e1-5ba79e13d048-1536x1152.jpg 1536w, https:\/\/laflechesannoisienne.fr\/wp-content\/uploads\/2026\/04\/c34c7dd3-5e21-4cf0-80e1-5ba79e13d048.jpg 1600w\" sizes=\"(max-width: 1024px) 100vw, 1024px\" \/><\/figure>\n\n\n\n<figure class=\"wp-block-image size-large\"><img loading=\"lazy\" decoding=\"async\" width=\"1024\" height=\"768\" data-id=\"1394\" src=\"https:\/\/laflechesannoisienne.fr\/wp-content\/uploads\/2026\/04\/838c676b-deb0-436a-b95e-5dddcb0822eb-1024x768.jpg\" alt=\"\" class=\"wp-image-1394\" srcset=\"https:\/\/laflechesannoisienne.fr\/wp-content\/uploads\/2026\/04\/838c676b-deb0-436a-b95e-5dddcb0822eb-1024x768.jpg 1024w, https:\/\/laflechesannoisienne.fr\/wp-content\/uploads\/2026\/04\/838c676b-deb0-436a-b95e-5dddcb0822eb-300x225.jpg 300w, https:\/\/laflechesannoisienne.fr\/wp-content\/uploads\/2026\/04\/838c676b-deb0-436a-b95e-5dddcb0822eb-768x576.jpg 768w, https:\/\/laflechesannoisienne.fr\/wp-content\/uploads\/2026\/04\/838c676b-deb0-436a-b95e-5dddcb0822eb-1536x1152.jpg 1536w, https:\/\/laflechesannoisienne.fr\/wp-content\/uploads\/2026\/04\/838c676b-deb0-436a-b95e-5dddcb0822eb.jpg 1600w\" sizes=\"(max-width: 1024px) 100vw, 1024px\" \/><\/figure>\n\n\n\n<figure class=\"wp-block-image size-large\"><img loading=\"lazy\" decoding=\"async\" width=\"1024\" height=\"768\" data-id=\"1397\" src=\"https:\/\/laflechesannoisienne.fr\/wp-content\/uploads\/2026\/04\/c494a577-4359-4546-a8e4-adf972bb3154-1024x768.jpg\" alt=\"\" class=\"wp-image-1397\" srcset=\"https:\/\/laflechesannoisienne.fr\/wp-content\/uploads\/2026\/04\/c494a577-4359-4546-a8e4-adf972bb3154-1024x768.jpg 1024w, https:\/\/laflechesannoisienne.fr\/wp-content\/uploads\/2026\/04\/c494a577-4359-4546-a8e4-adf972bb3154-300x225.jpg 300w, https:\/\/laflechesannoisienne.fr\/wp-content\/uploads\/2026\/04\/c494a577-4359-4546-a8e4-adf972bb3154-768x576.jpg 768w, https:\/\/laflechesannoisienne.fr\/wp-content\/uploads\/2026\/04\/c494a577-4359-4546-a8e4-adf972bb3154-1536x1152.jpg 1536w, https:\/\/laflechesannoisienne.fr\/wp-content\/uploads\/2026\/04\/c494a577-4359-4546-a8e4-adf972bb3154.jpg 1600w\" sizes=\"(max-width: 1024px) 100vw, 1024px\" \/><\/figure>\n<\/figure>\n\n\n\n<figure class=\"wp-block-image size-large\"><img loading=\"lazy\" decoding=\"async\" width=\"1024\" height=\"768\" src=\"https:\/\/laflechesannoisienne.fr\/wp-content\/uploads\/2026\/04\/86f32ba3-9c2a-43a9-8aca-417d1466ab07-1024x768.jpg\" alt=\"\" class=\"wp-image-1393\" srcset=\"https:\/\/laflechesannoisienne.fr\/wp-content\/uploads\/2026\/04\/86f32ba3-9c2a-43a9-8aca-417d1466ab07-1024x768.jpg 1024w, https:\/\/laflechesannoisienne.fr\/wp-content\/uploads\/2026\/04\/86f32ba3-9c2a-43a9-8aca-417d1466ab07-300x225.jpg 300w, https:\/\/laflechesannoisienne.fr\/wp-content\/uploads\/2026\/04\/86f32ba3-9c2a-43a9-8aca-417d1466ab07-768x576.jpg 768w, https:\/\/laflechesannoisienne.fr\/wp-content\/uploads\/2026\/04\/86f32ba3-9c2a-43a9-8aca-417d1466ab07-1536x1152.jpg 1536w, https:\/\/laflechesannoisienne.fr\/wp-content\/uploads\/2026\/04\/86f32ba3-9c2a-43a9-8aca-417d1466ab07.jpg 1600w\" sizes=\"(max-width: 1024px) 100vw, 1024px\" \/><\/figure>\n","protected":false},"excerpt":{"rendered":"<p>Le 26 avril avait lieu la premi\u00e8re manche de Division R\u00e9gionale (DR) \u00e0 Chennevi\u00e8res, marquant une grande premi\u00e8re pour notre \u00e9quipe f\u00e9minine de la Fl\u00e8che Sannoisienne. Une \u00e9tape importante que C\u00e9line M, C\u00e9line L, Virginie et C\u00e9venne ont abord\u00e9e avec motivation et d\u00e9termination ! La journ\u00e9e a d\u00e9but\u00e9 par un tir qualificatif en demi-teinte. Si [&hellip;]<\/p>\n","protected":false},"author":1,"featured_media":1392,"comment_status":"closed","ping_status":"closed","sticky":false,"template":"","format":"standard","meta":{"footnotes":""},"categories":[1],"tags":[],"class_list":["post-1390","post","type-post","status-publish","format-standard","has-post-thumbnail","hentry","category-non-classe","has-thumb"],"_links":{"self":[{"href":"https:\/\/laflechesannoisienne.fr\/index.php\/wp-json\/wp\/v2\/posts\/1390","targetHints":{"allow":["GET"]}}],"collection":[{"href":"https:\/\/laflechesannoisienne.fr\/index.php\/wp-json\/wp\/v2\/posts"}],"about":[{"href":"https:\/\/laflechesannoisienne.fr\/index.php\/wp-json\/wp\/v2\/types\/post"}],"author":[{"embeddable":true,"href":"https:\/\/laflechesannoisienne.fr\/index.php\/wp-json\/wp\/v2\/users\/1"}],"replies":[{"embeddable":true,"href":"https:\/\/laflechesannoisienne.fr\/index.php\/wp-json\/wp\/v2\/comments?post=1390"}],"version-history":[{"count":1,"href":"https:\/\/laflechesannoisienne.fr\/index.php\/wp-json\/wp\/v2\/posts\/1390\/revisions"}],"predecessor-version":[{"id":1398,"href":"https:\/\/laflechesannoisienne.fr\/index.php\/wp-json\/wp\/v2\/posts\/1390\/revisions\/1398"}],"wp:featuredmedia":[{"embeddable":true,"href":"https:\/\/laflechesannoisienne.fr\/index.php\/wp-json\/wp\/v2\/media\/1392"}],"wp:attachment":[{"href":"https:\/\/laflechesannoisienne.fr\/index.php\/wp-json\/wp\/v2\/media?parent=1390"}],"wp:term":[{"taxonomy":"category","embeddable":true,"href":"https:\/\/laflechesannoisienne.fr\/index.php\/wp-json\/wp\/v2\/categories?post=1390"},{"taxonomy":"post_tag","embeddable":true,"href":"https:\/\/laflechesannoisienne.fr\/index.php\/wp-json\/wp\/v2\/tags?post=1390"}],"curies":[{"name":"wp","href":"https:\/\/api.w.org\/{rel}","templated":true}]}}